{"id":26945,"date":"2025-11-14T19:59:44","date_gmt":"2025-11-14T19:59:44","guid":{"rendered":"https:\/\/rodeiodevacaria.com\/2026\/?p=26945"},"modified":"2025-11-14T19:59:44","modified_gmt":"2025-11-14T19:59:44","slug":"abertas-inscricoes-da-campeira-para-o-rodeio-internacional","status":"publish","type":"post","link":"https:\/\/rodeiodevacaria.com\/2026\/abertas-inscricoes-da-campeira-para-o-rodeio-internacional\/","title":{"rendered":"ABERTAS INSCRI\u00c7\u00d5ES DA CAMPEIRA PARA O RODEIO INTERNACIONAL"},"content":{"rendered":"<p>O CTG Porteira do Rio Grande informa que iniciam nesta sexta-feira (14\/11), as inscri\u00e7\u00f5es para algumas provas campeiras do 36\u00ba Rodeio Crioulo Internacional de Vacaria.<br \/>\nAs inscri\u00e7\u00f5es para as modalidades de la\u00e7o iniciam pela troca de b\u00f4nus e ap\u00f3s ser\u00e3o realizadas as demais. Elas devem ser feitas a partir das 16 horas, pelo whats (54) 99616-6326, com Nat\u00e1lia e s\u00e3o limitadas.<\/p>\n<p>O patr\u00e3o da Campeira, Elvio Guanini Rossi, informa que para a troca de b\u00f4nus, para quem adquiriu terreno na campeira, \u00e9 necess\u00e1rio informar o CPF do la\u00e7ador e o SBB do animal (em caso de Crioula\u00e7o). Tamb\u00e9m \u00e9 preciso apresentar o b\u00f4nus do terreno (\u00faltima folha do contrato).<br \/>\nAs inscri\u00e7\u00f5es da Gineteada Nacional ser\u00e3o realizadas atrav\u00e9s do whats (54)99948-4148, com Rafael Goulart.<\/p>\n<p>Elvio ressalta que as inscri\u00e7\u00f5es da Vaca Parada ser\u00e3o feitas durante o Rodeio.<br \/>\nA programa\u00e7\u00e3o completa est\u00e1 dispon\u00edvel no site www.rodeiodevacaria.com<\/p>\n<p>MODALIDADES<br \/>\nLA\u00c7O<br \/>\nTa\u00e7a Jos\u00e9 Alencar Fagundes<br \/>\nLa\u00e7o Sele\u00e7\u00e3o de Regi\u00f5es<br \/>\nLa\u00e7o Dupla Oficial do Rodeio<br \/>\nLa\u00e7o Patr\u00e3o e Capataz de CTG\/OU CAMPEIRO<br \/>\nLa\u00e7o Quarteto Sicoob<br \/>\nLa\u00e7o Guri (12 a 14 anos)<br \/>\nLa\u00e7o Pi\u00e1 (10 a 11 anos)<br \/>\nLa\u00e7o Piazito (at\u00e9 10 anos incompletos)<br \/>\nLa\u00e7o Pai e Filho (15 anos ou mais)<br \/>\nLa\u00e7o Prenda (15 anos ou mais)<br \/>\nLa\u00e7o Prenda Juvenil (12 a 14 anos)<br \/>\nLa\u00e7o Prendinha (at\u00e9 11 anos incompletos)<br \/>\nLa\u00e7o Pai e Filha<br \/>\nLa\u00e7o M\u00e3e e Filha \/ M\u00e3e e Filho<br \/>\nLa\u00e7o Pai e Filho (at\u00e9 15 anos)<br \/>\nLa\u00e7o Veterano (60 a 69 anos)<br \/>\nLa\u00e7o Vaqueano (70 anos ou mais)<br \/>\nLa\u00e7o Gera\u00e7\u00e3o<br \/>\nLa\u00e7o Crioula\u00e7o ABCCC<br \/>\nLa\u00e7o Sele\u00e7\u00e3o de Estados<\/p>\n<p>GINETEADA<br \/>\nGineteada Nacional<\/p>\n","protected":false},"excerpt":{"rendered":"<p>O CTG Porteira do Rio Grande informa que iniciam nesta sexta-feira (14\/11), as inscri\u00e7\u00f5es para algumas provas campeiras do 36\u00ba Rodeio Crioulo Internacional de Vacaria. As inscri\u00e7\u00f5es para as modalidades&hellip;<\/p>\n","protected":false},"author":1,"featured_media":26946,"comment_status":"open","ping_status":"open","sticky":false,"template":"","format":"standard","meta":[],"categories":[234,227],"tags":[],"yoast_head":"<!-- This site is optimized with the Yoast SEO plugin v21.8 - https:\/\/yoast.com\/wordpress\/plugins\/seo\/ -->\n<title>ABERTAS INSCRI\u00c7\u00d5ES DA CAMPEIRA PARA O RODEIO INTERNACIONAL - Rodeio Internacional de Vacaria\/RS<\/title>\n<meta name=\"robots\" content=\"index, follow, max-snippet:-1, max-image-preview:large, max-video-preview:-1\" \/>\n<link rel=\"canonical\" href=\"https:\/\/rodeiodevacaria.com\/2026\/abertas-inscricoes-da-campeira-para-o-rodeio-internacional\/\" \/>\n<meta property=\"og:locale\" content=\"pt_BR\" \/>\n<meta property=\"og:type\" content=\"article\" \/>\n<meta property=\"og:title\" content=\"ABERTAS INSCRI\u00c7\u00d5ES DA CAMPEIRA PARA O RODEIO INTERNACIONAL - Rodeio Internacional de Vacaria\/RS\" \/>\n<meta property=\"og:description\" content=\"O CTG Porteira do Rio Grande informa que iniciam nesta sexta-feira (14\/11), as inscri\u00e7\u00f5es para algumas provas campeiras do 36\u00ba Rodeio Crioulo Internacional de Vacaria. As inscri\u00e7\u00f5es para as modalidades&hellip;\" \/>\n<meta property=\"og:url\" content=\"https:\/\/rodeiodevacaria.com\/2026\/abertas-inscricoes-da-campeira-para-o-rodeio-internacional\/\" \/>\n<meta property=\"og:site_name\" content=\"Rodeio Internacional de Vacaria\/RS\" \/>\n<meta property=\"article:published_time\" content=\"2025-11-14T19:59:44+00:00\" \/>\n<meta property=\"og:image\" content=\"https:\/\/rodeiodevacaria.com\/2026\/wp-content\/uploads\/2025\/11\/Laco.jpg\" \/>\n\t<meta property=\"og:image:width\" content=\"2048\" \/>\n\t<meta property=\"og:image:height\" content=\"1564\" \/>\n\t<meta property=\"og:image:type\" content=\"image\/jpeg\" \/>\n<meta name=\"author\" content=\"RodeiodeVacaria\" \/>\n<meta name=\"twitter:card\" content=\"summary_large_image\" \/>\n<meta name=\"twitter:label1\" content=\"Escrito por\" \/>\n\t<meta name=\"twitter:data1\" content=\"RodeiodeVacaria\" \/>\n\t<meta name=\"twitter:label2\" content=\"Est. tempo de leitura\" \/>\n\t<meta name=\"twitter:data2\" content=\"2 minutos\" \/>\n<script type=\"application\/ld+json\" class=\"yoast-schema-graph\">{\"@context\":\"https:\/\/schema.org\",\"@graph\":[{\"@type\":\"Article\",\"@id\":\"https:\/\/rodeiodevacaria.com\/2026\/abertas-inscricoes-da-campeira-para-o-rodeio-internacional\/#article\",\"isPartOf\":{\"@id\":\"https:\/\/rodeiodevacaria.com\/2026\/abertas-inscricoes-da-campeira-para-o-rodeio-internacional\/\"},\"author\":{\"name\":\"RodeiodeVacaria\",\"@id\":\"https:\/\/rodeiodevacaria.com\/2026\/#\/schema\/person\/59c3279afe516b68bb9407ce555fa9af\"},\"headline\":\"ABERTAS INSCRI\u00c7\u00d5ES DA CAMPEIRA PARA O RODEIO INTERNACIONAL\",\"datePublished\":\"2025-11-14T19:59:44+00:00\",\"dateModified\":\"2025-11-14T19:59:44+00:00\",\"mainEntityOfPage\":{\"@id\":\"https:\/\/rodeiodevacaria.com\/2026\/abertas-inscricoes-da-campeira-para-o-rodeio-internacional\/\"},\"wordCount\":299,\"commentCount\":0,\"publisher\":{\"@id\":\"https:\/\/rodeiodevacaria.com\/2026\/#organization\"},\"articleSection\":[\"Campeira\",\"Not\u00edcias\"],\"inLanguage\":\"pt-BR\",\"potentialAction\":[{\"@type\":\"CommentAction\",\"name\":\"Comment\",\"target\":[\"https:\/\/rodeiodevacaria.com\/2026\/abertas-inscricoes-da-campeira-para-o-rodeio-internacional\/#respond\"]}]},{\"@type\":\"WebPage\",\"@id\":\"https:\/\/rodeiodevacaria.com\/2026\/abertas-inscricoes-da-campeira-para-o-rodeio-internacional\/\",\"url\":\"https:\/\/rodeiodevacaria.com\/2026\/abertas-inscricoes-da-campeira-para-o-rodeio-internacional\/\",\"name\":\"ABERTAS INSCRI\u00c7\u00d5ES DA CAMPEIRA PARA O RODEIO INTERNACIONAL - Rodeio Internacional de Vacaria\/RS\",\"isPartOf\":{\"@id\":\"https:\/\/rodeiodevacaria.com\/2026\/#website\"},\"datePublished\":\"2025-11-14T19:59:44+00:00\",\"dateModified\":\"2025-11-14T19:59:44+00:00\",\"breadcrumb\":{\"@id\":\"https:\/\/rodeiodevacaria.com\/2026\/abertas-inscricoes-da-campeira-para-o-rodeio-internacional\/#breadcrumb\"},\"inLanguage\":\"pt-BR\",\"potentialAction\":[{\"@type\":\"ReadAction\",\"target\":[\"https:\/\/rodeiodevacaria.com\/2026\/abertas-inscricoes-da-campeira-para-o-rodeio-internacional\/\"]}]},{\"@type\":\"BreadcrumbList\",\"@id\":\"https:\/\/rodeiodevacaria.com\/2026\/abertas-inscricoes-da-campeira-para-o-rodeio-internacional\/#breadcrumb\",\"itemListElement\":[{\"@type\":\"ListItem\",\"position\":1,\"name\":\"In\u00edcio\",\"item\":\"https:\/\/rodeiodevacaria.com\/2026\/\"},{\"@type\":\"ListItem\",\"position\":2,\"name\":\"ABERTAS INSCRI\u00c7\u00d5ES DA CAMPEIRA PARA O RODEIO INTERNACIONAL\"}]},{\"@type\":\"WebSite\",\"@id\":\"https:\/\/rodeiodevacaria.com\/2026\/#website\",\"url\":\"https:\/\/rodeiodevacaria.com\/2026\/\",\"name\":\"Rodeio Internacional de Vacaria\/RS\",\"description\":\"\",\"publisher\":{\"@id\":\"https:\/\/rodeiodevacaria.com\/2026\/#organization\"},\"potentialAction\":[{\"@type\":\"SearchAction\",\"target\":{\"@type\":\"EntryPoint\",\"urlTemplate\":\"https:\/\/rodeiodevacaria.com\/2026\/?s={search_term_string}\"},\"query-input\":\"required name=search_term_string\"}],\"inLanguage\":\"pt-BR\"},{\"@type\":\"Organization\",\"@id\":\"https:\/\/rodeiodevacaria.com\/2026\/#organization\",\"name\":\"Rodeio Internacional de Vacaria\/RS\",\"url\":\"https:\/\/rodeiodevacaria.com\/2026\/\",\"logo\":{\"@type\":\"ImageObject\",\"inLanguage\":\"pt-BR\",\"@id\":\"https:\/\/rodeiodevacaria.com\/2026\/#\/schema\/logo\/image\/\",\"url\":\"https:\/\/rodeiodevacaria.com\/2026\/wp-content\/uploads\/2021\/11\/Imagem_do_WhatsApp_de_2025-10-28_a_s__13.58.54_9b2e606b-removebg-preview.png\",\"contentUrl\":\"https:\/\/rodeiodevacaria.com\/2026\/wp-content\/uploads\/2021\/11\/Imagem_do_WhatsApp_de_2025-10-28_a_s__13.58.54_9b2e606b-removebg-preview.png\",\"width\":504,\"height\":496,\"caption\":\"Rodeio Internacional de Vacaria\/RS\"},\"image\":{\"@id\":\"https:\/\/rodeiodevacaria.com\/2026\/#\/schema\/logo\/image\/\"}},{\"@type\":\"Person\",\"@id\":\"https:\/\/rodeiodevacaria.com\/2026\/#\/schema\/person\/59c3279afe516b68bb9407ce555fa9af\",\"name\":\"RodeiodeVacaria\",\"image\":{\"@type\":\"ImageObject\",\"inLanguage\":\"pt-BR\",\"@id\":\"https:\/\/rodeiodevacaria.com\/2026\/#\/schema\/person\/image\/\",\"url\":\"https:\/\/secure.gravatar.com\/avatar\/d33b5e0c1ada25eae9eb674b8dc6fc4d?s=96&d=mm&r=g\",\"contentUrl\":\"https:\/\/secure.gravatar.com\/avatar\/d33b5e0c1ada25eae9eb674b8dc6fc4d?s=96&d=mm&r=g\",\"caption\":\"RodeiodeVacaria\"},\"sameAs\":[\"https:\/\/rodeiodevacaria.com\/2026\"],\"url\":\"https:\/\/rodeiodevacaria.com\/2026\/author\/rodeiodevacaria\/\"}]}<\/script>\n<!-- \/ Yoast SEO plugin. -->","yoast_head_json":{"title":"ABERTAS INSCRI\u00c7\u00d5ES DA CAMPEIRA PARA O RODEIO INTERNACIONAL - Rodeio Internacional de Vacaria\/RS","robots":{"index":"index","follow":"follow","max-snippet":"max-snippet:-1","max-image-preview":"max-image-preview:large","max-video-preview":"max-video-preview:-1"},"canonical":"https:\/\/rodeiodevacaria.com\/2026\/abertas-inscricoes-da-campeira-para-o-rodeio-internacional\/","og_locale":"pt_BR","og_type":"article","og_title":"ABERTAS INSCRI\u00c7\u00d5ES DA CAMPEIRA PARA O RODEIO INTERNACIONAL - Rodeio Internacional de Vacaria\/RS","og_description":"O CTG Porteira do Rio Grande informa que iniciam nesta sexta-feira (14\/11), as inscri\u00e7\u00f5es para algumas provas campeiras do 36\u00ba Rodeio Crioulo Internacional de Vacaria. As inscri\u00e7\u00f5es para as modalidades&hellip;","og_url":"https:\/\/rodeiodevacaria.com\/2026\/abertas-inscricoes-da-campeira-para-o-rodeio-internacional\/","og_site_name":"Rodeio Internacional de Vacaria\/RS","article_published_time":"2025-11-14T19:59:44+00:00","og_image":[{"width":2048,"height":1564,"url":"https:\/\/rodeiodevacaria.com\/2026\/wp-content\/uploads\/2025\/11\/Laco.jpg","type":"image\/jpeg"}],"author":"RodeiodeVacaria","twitter_card":"summary_large_image","twitter_misc":{"Escrito por":"RodeiodeVacaria","Est. tempo de leitura":"2 minutos"},"schema":{"@context":"https:\/\/schema.org","@graph":[{"@type":"Article","@id":"https:\/\/rodeiodevacaria.com\/2026\/abertas-inscricoes-da-campeira-para-o-rodeio-internacional\/#article","isPartOf":{"@id":"https:\/\/rodeiodevacaria.com\/2026\/abertas-inscricoes-da-campeira-para-o-rodeio-internacional\/"},"author":{"name":"RodeiodeVacaria","@id":"https:\/\/rodeiodevacaria.com\/2026\/#\/schema\/person\/59c3279afe516b68bb9407ce555fa9af"},"headline":"ABERTAS INSCRI\u00c7\u00d5ES DA CAMPEIRA PARA O RODEIO INTERNACIONAL","datePublished":"2025-11-14T19:59:44+00:00","dateModified":"2025-11-14T19:59:44+00:00","mainEntityOfPage":{"@id":"https:\/\/rodeiodevacaria.com\/2026\/abertas-inscricoes-da-campeira-para-o-rodeio-internacional\/"},"wordCount":299,"commentCount":0,"publisher":{"@id":"https:\/\/rodeiodevacaria.com\/2026\/#organization"},"articleSection":["Campeira","Not\u00edcias"],"inLanguage":"pt-BR","potentialAction":[{"@type":"CommentAction","name":"Comment","target":["https:\/\/rodeiodevacaria.com\/2026\/abertas-inscricoes-da-campeira-para-o-rodeio-internacional\/#respond"]}]},{"@type":"WebPage","@id":"https:\/\/rodeiodevacaria.com\/2026\/abertas-inscricoes-da-campeira-para-o-rodeio-internacional\/","url":"https:\/\/rodeiodevacaria.com\/2026\/abertas-inscricoes-da-campeira-para-o-rodeio-internacional\/","name":"ABERTAS INSCRI\u00c7\u00d5ES DA CAMPEIRA PARA O RODEIO INTERNACIONAL - Rodeio Internacional de Vacaria\/RS","isPartOf":{"@id":"https:\/\/rodeiodevacaria.com\/2026\/#website"},"datePublished":"2025-11-14T19:59:44+00:00","dateModified":"2025-11-14T19:59:44+00:00","breadcrumb":{"@id":"https:\/\/rodeiodevacaria.com\/2026\/abertas-inscricoes-da-campeira-para-o-rodeio-internacional\/#breadcrumb"},"inLanguage":"pt-BR","potentialAction":[{"@type":"ReadAction","target":["https:\/\/rodeiodevacaria.com\/2026\/abertas-inscricoes-da-campeira-para-o-rodeio-internacional\/"]}]},{"@type":"BreadcrumbList","@id":"https:\/\/rodeiodevacaria.com\/2026\/abertas-inscricoes-da-campeira-para-o-rodeio-internacional\/#breadcrumb","itemListElement":[{"@type":"ListItem","position":1,"name":"In\u00edcio","item":"https:\/\/rodeiodevacaria.com\/2026\/"},{"@type":"ListItem","position":2,"name":"ABERTAS INSCRI\u00c7\u00d5ES DA CAMPEIRA PARA O RODEIO INTERNACIONAL"}]},{"@type":"WebSite","@id":"https:\/\/rodeiodevacaria.com\/2026\/#website","url":"https:\/\/rodeiodevacaria.com\/2026\/","name":"Rodeio Internacional de Vacaria\/RS","description":"","publisher":{"@id":"https:\/\/rodeiodevacaria.com\/2026\/#organization"},"potentialAction":[{"@type":"SearchAction","target":{"@type":"EntryPoint","urlTemplate":"https:\/\/rodeiodevacaria.com\/2026\/?s={search_term_string}"},"query-input":"required name=search_term_string"}],"inLanguage":"pt-BR"},{"@type":"Organization","@id":"https:\/\/rodeiodevacaria.com\/2026\/#organization","name":"Rodeio Internacional de Vacaria\/RS","url":"https:\/\/rodeiodevacaria.com\/2026\/","logo":{"@type":"ImageObject","inLanguage":"pt-BR","@id":"https:\/\/rodeiodevacaria.com\/2026\/#\/schema\/logo\/image\/","url":"https:\/\/rodeiodevacaria.com\/2026\/wp-content\/uploads\/2021\/11\/Imagem_do_WhatsApp_de_2025-10-28_a_s__13.58.54_9b2e606b-removebg-preview.png","contentUrl":"https:\/\/rodeiodevacaria.com\/2026\/wp-content\/uploads\/2021\/11\/Imagem_do_WhatsApp_de_2025-10-28_a_s__13.58.54_9b2e606b-removebg-preview.png","width":504,"height":496,"caption":"Rodeio Internacional de Vacaria\/RS"},"image":{"@id":"https:\/\/rodeiodevacaria.com\/2026\/#\/schema\/logo\/image\/"}},{"@type":"Person","@id":"https:\/\/rodeiodevacaria.com\/2026\/#\/schema\/person\/59c3279afe516b68bb9407ce555fa9af","name":"RodeiodeVacaria","image":{"@type":"ImageObject","inLanguage":"pt-BR","@id":"https:\/\/rodeiodevacaria.com\/2026\/#\/schema\/person\/image\/","url":"https:\/\/secure.gravatar.com\/avatar\/d33b5e0c1ada25eae9eb674b8dc6fc4d?s=96&d=mm&r=g","contentUrl":"https:\/\/secure.gravatar.com\/avatar\/d33b5e0c1ada25eae9eb674b8dc6fc4d?s=96&d=mm&r=g","caption":"RodeiodeVacaria"},"sameAs":["https:\/\/rodeiodevacaria.com\/2026"],"url":"https:\/\/rodeiodevacaria.com\/2026\/author\/rodeiodevacaria\/"}]}},"_links":{"self":[{"href":"https:\/\/rodeiodevacaria.com\/2026\/wp-json\/wp\/v2\/posts\/26945"}],"collection":[{"href":"https:\/\/rodeiodevacaria.com\/2026\/wp-json\/wp\/v2\/posts"}],"about":[{"href":"https:\/\/rodeiodevacaria.com\/2026\/wp-json\/wp\/v2\/types\/post"}],"author":[{"embeddable":true,"href":"https:\/\/rodeiodevacaria.com\/2026\/wp-json\/wp\/v2\/users\/1"}],"replies":[{"embeddable":true,"href":"https:\/\/rodeiodevacaria.com\/2026\/wp-json\/wp\/v2\/comments?post=26945"}],"version-history":[{"count":1,"href":"https:\/\/rodeiodevacaria.com\/2026\/wp-json\/wp\/v2\/posts\/26945\/revisions"}],"predecessor-version":[{"id":26947,"href":"https:\/\/rodeiodevacaria.com\/2026\/wp-json\/wp\/v2\/posts\/26945\/revisions\/26947"}],"wp:featuredmedia":[{"embeddable":true,"href":"https:\/\/rodeiodevacaria.com\/2026\/wp-json\/wp\/v2\/media\/26946"}],"wp:attachment":[{"href":"https:\/\/rodeiodevacaria.com\/2026\/wp-json\/wp\/v2\/media?parent=26945"}],"wp:term":[{"taxonomy":"category","embeddable":true,"href":"https:\/\/rodeiodevacaria.com\/2026\/wp-json\/wp\/v2\/categories?post=26945"},{"taxonomy":"post_tag","embeddable":true,"href":"https:\/\/rodeiodevacaria.com\/2026\/wp-json\/wp\/v2\/tags?post=26945"}],"curies":[{"name":"wp","href":"https:\/\/api.w.org\/{rel}","templated":true}]}}